{"id":1764,"date":"2017-10-15T13:08:51","date_gmt":"2017-10-15T11:08:51","guid":{"rendered":"http:\/\/naukowka.pl\/?p=1764"},"modified":"2017-10-15T13:33:30","modified_gmt":"2017-10-15T11:33:30","slug":"czy-na-pewno-umiesz-myc-rece-swiatowy-dzien-mycia-rak","status":"publish","type":"post","link":"https:\/\/naukowka.pl\/index.php\/2017\/10\/15\/czy-na-pewno-umiesz-myc-rece-swiatowy-dzien-mycia-rak\/","title":{"rendered":"Czy na pewno umiesz my\u0107 r\u0119ce? &#8211; \u015awiatowy Dzie\u0144 Mycia R\u0105k"},"content":{"rendered":"<p><strong>Jak cz\u0119sto myjecie r\u0119ce? Czy jeste\u015bcie pewni, \u017ce myjecie je w odpowiedni spos\u00f3b? <a href=\"https:\/\/pl.wikipedia.org\/wiki\/%C5%9Awiatowy_Dzie%C5%84_Mycia_R%C4%85k\" target=\"_blank\" rel=\"noopener\">Dzi\u015b jest Mi\u0119dzynarodowy Dzie\u0144 Mycia R\u0105k<\/a>! Mamy wi\u0119c idealn\u0105 okazj\u0119, by zatrzyma\u0107 si\u0119 na chwil\u0119 i pomy\u015ble\u0107 przez kilka minut o czynno\u015bci, kt\u00f3rej nie po\u015bwi\u0119camy zbyt wiele refleksji na co dzie\u0144.<\/strong><\/p>\n<p><!--more--><\/p>\n<p><strong>Wykl\u0119ty bohater<\/strong><\/p>\n<p>Zanim usystematyzujemy nasz\u0105 wiedz\u0119 dotycz\u0105c\u0105 mycia r\u0105k, wspomnijmy Pana <a href=\"https:\/\/en.wikipedia.org\/wiki\/Ignaz_Semmelweis\" target=\"_blank\" rel=\"noopener\"><strong>Ignazego Semmelweisa<\/strong><\/a>. S\u0142yszeli\u015bcie o nim? Bardzo mo\u017cliwe, \u017ce <a href=\"https:\/\/pl.wikipedia.org\/wiki\/Antyseptyka\" target=\"_blank\" rel=\"noopener\"><strong>antyseptyka<\/strong><\/a> kojarzy Wam si\u0119 raczej z <strong><a href=\"https:\/\/en.wikipedia.org\/wiki\/Joseph_Lister\" target=\"_blank\" rel=\"noopener\">Josephem Listerem<\/a>, <\/strong>kt\u00f3ry uwa\u017cany jest za ojca tej dziedziny.<\/p>\n<figure id=\"attachment_1769\" class=\"thumbnail wp-caption alignnone\" style=\"width: 453px\"><img loading=\"lazy\" decoding=\"async\" data-attachment-id=\"1769\" data-permalink=\"https:\/\/naukowka.pl\/index.php\/2017\/10\/15\/czy-na-pewno-umiesz-myc-rece-swiatowy-dzien-mycia-rak\/443px-ignaz_semmelweis_1860\/\" data-orig-file=\"https:\/\/i0.wp.com\/naukowka.pl\/wp-content\/uploads\/2017\/10\/443px-Ignaz_Semmelweis_1860.jpg?fit=443%2C599&amp;ssl=1\" data-orig-size=\"443,599\" data-comments-opened=\"1\" data-image-meta=\"{&quot;aperture&quot;:&quot;0&quot;,&quot;credit&quot;:&quot;&quot;,&quot;camera&quot;:&quot;&quot;,&quot;caption&quot;:&quot;&quot;,&quot;created_timestamp&quot;:&quot;0&quot;,&quot;copyright&quot;:&quot;&quot;,&quot;focal_length&quot;:&quot;0&quot;,&quot;iso&quot;:&quot;0&quot;,&quot;shutter_speed&quot;:&quot;0&quot;,&quot;title&quot;:&quot;&quot;,&quot;orientation&quot;:&quot;0&quot;}\" data-image-title=\"443px-Ignaz_Semmelweis_1860\" data-image-description=\"\" data-image-caption=\"&lt;p&gt;https:\/\/commons.wikimedia.org\/wiki\/File:Ignaz_Semmelweis_1860.jpg&lt;\/p&gt;\n\" data-medium-file=\"https:\/\/i0.wp.com\/naukowka.pl\/wp-content\/uploads\/2017\/10\/443px-Ignaz_Semmelweis_1860.jpg?fit=222%2C300&amp;ssl=1\" data-large-file=\"https:\/\/i0.wp.com\/naukowka.pl\/wp-content\/uploads\/2017\/10\/443px-Ignaz_Semmelweis_1860.jpg?fit=443%2C599&amp;ssl=1\" class=\"size-full wp-image-1769\" src=\"https:\/\/i0.wp.com\/naukowka.pl\/wp-content\/uploads\/2017\/10\/443px-Ignaz_Semmelweis_1860.jpg?resize=443%2C599\" alt=\"\" width=\"443\" height=\"599\" srcset=\"https:\/\/i0.wp.com\/naukowka.pl\/wp-content\/uploads\/2017\/10\/443px-Ignaz_Semmelweis_1860.jpg?w=443&amp;ssl=1 443w, https:\/\/i0.wp.com\/naukowka.pl\/wp-content\/uploads\/2017\/10\/443px-Ignaz_Semmelweis_1860.jpg?resize=222%2C300&amp;ssl=1 222w\" sizes=\"(max-width: 443px) 100vw, 443px\" data-recalc-dims=\"1\" \/><figcaption class=\"caption wp-caption-text\">https:\/\/commons.wikimedia.org\/wiki\/File:Ignaz_Semmelweis_1860.jpg<\/figcaption><\/figure>\n<p>Jeste\u015bcie jednak w b\u0142\u0119dzie, bo to urodzony na W\u0119grzech \u00a0Ignaz by\u0142 niedocenionym za \u017cycia pionierem propagowania mycia r\u0105k. Pracowa\u0142 on w wiede\u0144skiej klinice po\u0142o\u017cniczej w latach 40 XIX wieku. Nie chcieliby\u015bcie znale\u017a\u0107 si\u0119 w tym czasie w szpitalu, a Panie nie chcia\u0142by tam rodzi\u0107 dzieci\u2026 <strong><a href=\"https:\/\/www.ncbi.nlm.nih.gov\/pmc\/articles\/PMC3807776\/pdf\/10.1177_0141076813507844.pdf\" target=\"_blank\" rel=\"noopener\">\u015amiertelno\u015b\u0107 kobiet w wyniku tzw. gor\u0105czki po\u0142ogowej by\u0142a zdecydowanie za wysoka. <\/a><\/strong>To martwi\u0142o naszego bohatera. Nie znano jeszcze wirus\u00f3w i bakterii, a higiena szpitalna praktycznie nie istnia\u0142a. Ignaz postawi\u0142 hipotez\u0119, \u017ce to w\u0142a\u015bnie nieodpowiednia higiena lekarzy i student\u00f3w prowadzi do tak wysokiej \u015bmiertelno\u015bci pacjentek. Norm\u0105 by\u0142o obieranie porod\u00f3w zaraz po sko\u0144czeniu sekcji zw\u0142ok, a jedynym zabiegiem higienicznym pomi\u0119dzy tymi procedurami by\u0142o wytarcie r\u0105k w brudn\u0105 szmat\u0119\u2026<\/p>\n<p>Tak, ja te\u017c mam ciarki na t\u0119 my\u015bl&#8230; M\u0105dry Ignaz skojarzy\u0142 ze sob\u0105 fakty i mimo, \u017ce nie m\u00f3g\u0142 jeszcze bezpo\u015brednio udowodni\u0107 swojej tezy g\u0142osi\u0142, \u017ce to nieodpowiednia higiena odpowiada za wysok\u0105 \u015bmiertelno\u015b\u0107 w szpitalach. Od tego czasu propagowa\u0142 ide\u0119 zwi\u0119kszania standard\u00f3w higienicznych w szpitalach, a mycie r\u0105k by\u0142o g\u0142\u00f3wnym filarem jego postawy. Teraz wydaje nam si\u0119 to wyj\u0105tkowo abstrakcyjne, ale w tamtych czasach \u015brodowisko medyczne nie by\u0142o gotowe na tak\u0105 wiadomo\u015b\u0107, obr\u00f3ci\u0142o si\u0119 przeciwko niemu i nie podchwyci\u0142o jego pomys\u0142u.<\/p>\n<p>Biedny Ignaz walczy\u0142 usilnie, nazywaj\u0105c innych lekarzy \u201emordercami kobiet\u201d. Niezrozumiany i wy\u015bmiewany przez \u015brodowisko popada\u0142 w stan za\u0142amania nerwowego i zmieni\u0142 sw\u00f3j tryb \u017cycia na nieco mniej prawy i cnotliwy. Ostatnie dwa tygodnie \u017cycia sp\u0119dzi\u0142 w szpitalu psychiatrycznym, do kt\u00f3rego zosta\u0142 zwabiony poprzez oszustwo. Kiedy zorientowa\u0142 si\u0119, \u017ce wpad\u0142 w zasadzk\u0119 pr\u00f3bowa\u0142 si\u0142\u0105 wydosta\u0107 si\u0119 ze szpitala, jednak zosta\u0142 mocno pobity przez sanitariuszy. Zmar\u0142 maj\u0105c jedynie 47 lat z powodu zaka\u017cenia krwi, jakie rozwin\u0119\u0142o si\u0119 u niego w wyniku skaleczenia powsta\u0142ego w czasie przeprowadzenia ostatniej sekcji (o ironio losu!). <a href=\"http:\/\/www.npr.org\/sections\/health-shots\/2015\/01\/12\/375663920\/the-doctor-who-championed-hand-washing-and-saved-women-s-lives\" target=\"_blank\" rel=\"noopener\"><strong>Tu mo\u017cecie przez 7 minut pos\u0142ucha\u0107 o jego historii<\/strong>.<\/a><\/p>\n<p>R\u0119ce zacz\u0119li\u015bmy my\u0107 dopiero po jego \u015bmierci. Ignaz g\u0142o\u015bno walczy\u0142 o t\u0119 spraw\u0119, dlatego zas\u0142uguje na bycie naszym dzisiejszym bohaterem.<\/p>\n<p><strong>Pora\u017caj\u0105ce statystyki<\/strong><\/p>\n<p>Wr\u00f3\u0107my do mycia r\u0105k. <strong><a href=\"http:\/\/msutoday.msu.edu\/_\/pdf\/assets\/2013\/hand-washing-study-1.pdf\" target=\"_blank\" rel=\"noopener\">Badania przeprowadzone w ameryka\u0144skich toaletach s\u0105 mia\u017cd\u017c\u0105ce<\/a>.<\/strong> Analiza ponad 3\u00a0700 toalet publicznych wykaza\u0142a, \u017ce jedynie niewiele ponad 5% amerykan\u00f3w myje r\u0119ce przez 15 sekund lub d\u0142u\u017cej, 10% w og\u00f3le nie podchodzi do umywalki, a jedna trzecia w swych staraniach nie u\u017cywa nawet kropli myd\u0142a!!<strong><br \/>\n<\/strong><\/p>\n<p>Chcia\u0142abym m\u00f3c powiedzie\u0107, \u017ce nasz nar\u00f3d wypada lepiej, ale z <a href=\"http:\/\/pis.lodz.pl\/data\/other\/hr_polacy.pdf\" target=\"_blank\" rel=\"noopener\"><strong>przedstawionego tu raportu<\/strong><\/a> jasno wynika, \u017ce tylko 90% badanych deklaruje, \u017ce myje r\u0119ce po skorzystaniu z toalety (istnieje szansa, \u017ce niekt\u00f3rzy nie byli do ko\u0144ca szczerzy, a liczba jest wi\u0119ksza) i tylko 60% myje r\u0119ce zawsze po powrocie do domu.<\/p>\n<p>W obu tych badaniach zdecydowanie lepiej wypadaj\u0105 kobiety, ale nad higien\u0105 musimy popracowa\u0107 niezale\u017cnie od p\u0142ci.<\/p>\n<p><img loading=\"lazy\" decoding=\"async\" data-attachment-id=\"1770\" data-permalink=\"https:\/\/naukowka.pl\/index.php\/2017\/10\/15\/czy-na-pewno-umiesz-myc-rece-swiatowy-dzien-mycia-rak\/anastasia-palagutina-369688\/\" data-orig-file=\"https:\/\/i0.wp.com\/naukowka.pl\/wp-content\/uploads\/2017\/10\/anastasia-palagutina-369688.jpg?fit=5616%2C3744&amp;ssl=1\" data-orig-size=\"5616,3744\" data-comments-opened=\"1\" data-image-meta=\"{&quot;aperture&quot;:&quot;0&quot;,&quot;credit&quot;:&quot;&quot;,&quot;camera&quot;:&quot;&quot;,&quot;caption&quot;:&quot;&quot;,&quot;created_timestamp&quot;:&quot;0&quot;,&quot;copyright&quot;:&quot;&quot;,&quot;focal_length&quot;:&quot;0&quot;,&quot;iso&quot;:&quot;0&quot;,&quot;shutter_speed&quot;:&quot;0&quot;,&quot;title&quot;:&quot;&quot;,&quot;orientation&quot;:&quot;0&quot;}\" data-image-title=\"anastasia-palagutina-369688\" data-image-description=\"\" data-image-caption=\"\" data-medium-file=\"https:\/\/i0.wp.com\/naukowka.pl\/wp-content\/uploads\/2017\/10\/anastasia-palagutina-369688.jpg?fit=300%2C200&amp;ssl=1\" data-large-file=\"https:\/\/i0.wp.com\/naukowka.pl\/wp-content\/uploads\/2017\/10\/anastasia-palagutina-369688.jpg?fit=697%2C465&amp;ssl=1\" class=\"alignnone size-large wp-image-1770\" src=\"https:\/\/i0.wp.com\/naukowka.pl\/wp-content\/uploads\/2017\/10\/anastasia-palagutina-369688-1024x683.jpg?resize=697%2C465\" alt=\"\" width=\"697\" height=\"465\" srcset=\"https:\/\/i0.wp.com\/naukowka.pl\/wp-content\/uploads\/2017\/10\/anastasia-palagutina-369688.jpg?resize=1024%2C683&amp;ssl=1 1024w, https:\/\/i0.wp.com\/naukowka.pl\/wp-content\/uploads\/2017\/10\/anastasia-palagutina-369688.jpg?resize=300%2C200&amp;ssl=1 300w, https:\/\/i0.wp.com\/naukowka.pl\/wp-content\/uploads\/2017\/10\/anastasia-palagutina-369688.jpg?resize=768%2C512&amp;ssl=1 768w, https:\/\/i0.wp.com\/naukowka.pl\/wp-content\/uploads\/2017\/10\/anastasia-palagutina-369688.jpg?resize=330%2C220&amp;ssl=1 330w, https:\/\/i0.wp.com\/naukowka.pl\/wp-content\/uploads\/2017\/10\/anastasia-palagutina-369688.jpg?w=1394&amp;ssl=1 1394w, https:\/\/i0.wp.com\/naukowka.pl\/wp-content\/uploads\/2017\/10\/anastasia-palagutina-369688.jpg?w=2091&amp;ssl=1 2091w\" sizes=\"(max-width: 697px) 100vw, 697px\" data-recalc-dims=\"1\" \/><\/p>\n<p><strong>Elementarz higieniczny<\/strong><\/p>\n<p>Mo\u017ce dzi\u015b jest odpowiedni moment by porozmawia\u0107 o myciu r\u0105k ze swoimi dzie\u0107mi, kt\u00f3re potrafi\u0105 si\u0119 przecie\u017c nie\u017ale ubrudzi\u0107. Warto im troch\u0119 na ten temat opowiedzie\u0107, a przy okazji nam doros\u0142ym r\u00f3wnie\u017c nie zaszkodzi przypomnie\u0107 sobie podstawowe zasady.<\/p>\n<p><strong>Kiedy?<\/strong><\/p>\n<p>Pierwsza sprawa to ustali\u0107, kiedy powinni\u015bmy my\u0107 r\u0119ce. Po wycieczce do toalety, po powrocie do domu, przed i po przygotowaniu jedzenia, przed i po opiece nad osob\u0105 chor\u0105, przed i po wizycie w szpitalu lub przychodni, po zmianie pieluchy, po zabawie ze zwierzakiem, po dotykaniu \u015bmieci i pewnie wielu innych czynno\u015bciach, kt\u00f3re mog\u0105 za sob\u0105 nie\u015b\u0107 ryzyko obro\u015bni\u0119cia naszych r\u0105k w niewidzialny go\u0142ym okiem \u201ebrud\u201d. <a href=\"http:\/\/naukowka.pl\/index.php\/2017\/08\/11\/niebezpieczne-obowiazki-domowe\/\" target=\"_blank\" rel=\"noopener\"><strong>Nawet po myciu naczy\u0144 czasem warto umy\u0107 r\u0119ce&#8230;<\/strong><\/a> Nasze laptopy i telefony s\u0105 siedliskiem ma\u0142ych, bakteryjnych potwork\u00f3w, wi\u0119c w harmonogramie mycia r\u0105k powinni\u015bmy wzi\u0105\u0107 pod uwag\u0119 stykanie si\u0119 z tymi powierzchniami.<\/p>\n<p><strong>Czym?<\/strong><\/p>\n<p>A no myd\u0142em. Zakup myd\u0142a antybakteryjnego, nie jest wcale najlepszym pomys\u0142em.<a href=\"https:\/\/www.fda.gov\/NewsEvents\/Newsroom\/PressAnnouncements\/ucm517478.htm\" target=\"_blank\" rel=\"noopener\"> <strong>Ameryka\u0144ska Agencja \u017bywno\u015bci i Lek\u00f3w wyda\u0142a rozporz\u0105dzenie zakazuj\u0105ce sprzeda\u017cy myde\u0142, kt\u00f3re zawieraj\u0105 substancje antybakteryjne. <\/strong><\/a>Dlaczego? Poniewa\u017c, nie ma dowod\u00f3w by by\u0142y bardziej skuteczne od zwyk\u0142ego myd\u0142a (takie wra\u017cenie b\u0119dzie mia\u0142 ka\u017cdy, kto zobaczy napis &#8211; antybakteryjne), a jednocze\u015bnie mog\u0105 przyczynia\u0107 si\u0119 do rozszerzenia lekooporno\u015bci w\u015br\u00f3d bakterii (<strong><a href=\"http:\/\/naukowka.pl\/index.php\/2017\/09\/21\/swiatowa-organizacja-zdrowia-ostrzega-koncza-nam-sie-antybiotyki\/\" target=\"_blank\" rel=\"noopener\">zerknijcie r\u00f3wnie\u017c tu, je\u015bli ten temat Was interesuje<\/a><\/strong>). Pami\u0119tajcie jednak, \u017ce m\u00f3wimy o warunkach domowych i szpitale to zupe\u0142nie co innego.<\/p>\n<p><strong>Jak?<\/strong><\/p>\n<p><a href=\"http:\/\/www.who.int\/gpsc\/clean_hands_protection\/en\/\" target=\"_blank\" rel=\"noopener\"><strong>Skieruj\u0119 Was do \u015awiatowej Organizacji Zdrowia, kt\u00f3ra ma szczeg\u00f3\u0142ow\u0105 odpowied\u017a na to pytanie<\/strong><\/a>.Te wytyczne powsta\u0142y <a href=\"https:\/\/www.cambridge.org\/core\/journals\/infection-control-and-hospital-epidemiology\/article\/pragmatic-randomized-controlled-trial-of-6step-vs-3step-hand-hygiene-technique-in-acute-hospital-care-in-the-united-kingdom\/7C15A5E18E4F25A54CD436CA7E656B60\" target=\"_blank\" rel=\"noopener\"><strong>na podstawie bada\u0144 naukowych<\/strong><\/a>, nie my\u015blcie sobie, \u017ce z g\u0142owy!<\/p>\n<figure id=\"attachment_1766\" class=\"thumbnail wp-caption alignnone\" style=\"width: 588px\"><img loading=\"lazy\" decoding=\"async\" data-attachment-id=\"1766\" data-permalink=\"https:\/\/naukowka.pl\/index.php\/2017\/10\/15\/czy-na-pewno-umiesz-myc-rece-swiatowy-dzien-mycia-rak\/how_to_handwash_lge\/\" data-orig-file=\"https:\/\/i0.wp.com\/naukowka.pl\/wp-content\/uploads\/2017\/10\/how_to_handwash_lge.gif?fit=578%2C814&amp;ssl=1\" data-orig-size=\"578,814\" data-comments-opened=\"1\" data-image-meta=\"{&quot;aperture&quot;:&quot;0&quot;,&quot;credit&quot;:&quot;&quot;,&quot;camera&quot;:&quot;&quot;,&quot;caption&quot;:&quot;&quot;,&quot;created_timestamp&quot;:&quot;0&quot;,&quot;copyright&quot;:&quot;&quot;,&quot;focal_length&quot;:&quot;0&quot;,&quot;iso&quot;:&quot;0&quot;,&quot;shutter_speed&quot;:&quot;0&quot;,&quot;title&quot;:&quot;&quot;,&quot;orientation&quot;:&quot;0&quot;}\" data-image-title=\"how_to_handwash_lge\" data-image-description=\"\" data-image-caption=\"&lt;p&gt;http:\/\/www.who.int\/gpsc\/clean_hands_protection\/en\/&lt;\/p&gt;\n\" data-medium-file=\"https:\/\/i0.wp.com\/naukowka.pl\/wp-content\/uploads\/2017\/10\/how_to_handwash_lge.gif?fit=213%2C300&amp;ssl=1\" data-large-file=\"https:\/\/i0.wp.com\/naukowka.pl\/wp-content\/uploads\/2017\/10\/how_to_handwash_lge.gif?fit=578%2C814&amp;ssl=1\" class=\"size-full wp-image-1766\" src=\"https:\/\/i0.wp.com\/naukowka.pl\/wp-content\/uploads\/2017\/10\/how_to_handwash_lge.gif?resize=578%2C814\" alt=\"\" width=\"578\" height=\"814\" data-recalc-dims=\"1\" \/><figcaption class=\"caption wp-caption-text\">http:\/\/www.who.int\/gpsc\/clean_hands_protection\/en\/<\/figcaption><\/figure>\n<p>Dobr\u0105 i prost\u0105 zasad\u0105 jest mycie r\u0105k tak, jak by\u015bmy je myli po powrocie z prac ogrodowych lub samochodowych (nawet, je\u015bli wizualnie wydaj\u0105 nam si\u0119 czyste). Pami\u0119tajmy, by u\u017cy\u0107 odpowiedni\u0105 ilo\u015b\u0107 myd\u0142a, czyli tyle by pokry\u0107 nim ca\u0142e nasze d\u0142onie. R\u0119ce myjemy z obu stron, nie zapominaj\u0105c o przestrzeni mi\u0119dzy palcami i pod paznokciami. Czas jest kluczow\u0105 spraw\u0105! Zazwyczaj wi\u0119kszo\u015b\u0107 z nas po\u015bwi\u0119ca na t\u0119 czynno\u015b\u0107 zdecydowanie za ma\u0142o czasu. Ca\u0142a procedura powinna nam zaj\u0105\u0107 przynajmniej 20 sekund! To wystarcza na dwukrotne za\u015bpiewanie \u201esto lat\u201d w wersji angielskiej. By mycie r\u0105k sta\u0142o si\u0119 przyjemniejsze, zw\u0142aszcza dla dzieci, mo\u017ce wybierzcie swoj\u0105 mini piosenk\u0119, kt\u00f3ra umili Wam czas w \u0142azience. Po myciu nale\u017cy dobrze osuszy\u0107 r\u0119ce, a wychodz\u0105c z toalety publicznej drzwi otworzy\u0107 nie u\u017cywaj\u0105c r\u0105k, poniewa\u017c klamka w \u0142azience zawiera ca\u0142\u0105 watah\u0119 paskudztwa (przecie\u017c 10% z nas w og\u00f3le nie myje r\u0105k, a zdecydowana wi\u0119kszo\u015b\u0107 tych co myj\u0105, robi to \u017ale).<\/p>\n<p><strong>Ciep\u0142o-zimno<\/strong><\/p>\n<p>Czy temperatura wody ma znaczenie? Dla naszego odczucia pewnie tak, ale dla skuteczno\u015bci samego mycia ju\u017c niekoniecznie. <strong><a href=\"http:\/\/jfoodprotection.org\/doi\/pdf\/10.4315\/0362-028X.JFP-16-370\" target=\"_blank\" rel=\"noopener\">W Tym badaniu<\/a><\/strong> 20 ochotnik\u00f3w pokrywa\u0142o swoje r\u0119ce nieszkodliwymi drobnoustrojami, a nast\u0119pnie my\u0142o r\u0119ce w wodzie o temperaturze 15 <sup>o<\/sup>C, 26 <sup>o<\/sup>C i 38 <sup>o<\/sup>C (ka\u017cd\u0105 pr\u00f3b\u0119 powtarzano 20 razy). Okazuje si\u0119, \u017ce temperatura wody nie jest kluczowa, to spos\u00f3b i czas mycia r\u0105k jest najwa\u017cniejszy, wi\u0119c my\u0107 r\u0119ce mo\u017cna tak\u017ce w zimnej wodzie. Brak przyjemnego strumienia wody na stacjach benzynowych czy niekt\u00f3rych punktach gastronomicznych nie jest wym\u00f3wk\u0105!<\/p>\n<p>Pami\u0119tajcie jeszcze o jednym, sezon grypowo &#8211; przezi\u0119bieniowy w pe\u0142ni. <a href=\"http:\/\/naukowka.pl\/index.php\/2017\/09\/21\/swiatowa-organizacja-zdrowia-ostrzega-koncza-nam-sie-antybiotyki\/\" target=\"_blank\" rel=\"noopener\"><strong>O tym, jak wa\u017cne w profilaktyce rozprzestrzeniania chor\u00f3b jest mycie r\u0105k pisa\u0142am ju\u017c wcze\u015bniej!<\/strong><\/a><\/p>\n<p>To ja id\u0119 umy\u0107 \u0142apki!<\/p>\n<!-- AddThis Advanced Settings generic via filter on the_content --><!-- AddThis Share Buttons generic via filter on the_content -->","protected":false},"excerpt":{"rendered":"<p>Jak cz\u0119sto myjecie r\u0119ce? Czy jeste\u015bcie pewni, \u017ce myjecie je w odpowiedni spos\u00f3b? Dzi\u015b jest Mi\u0119dzynarodowy Dzie\u0144 Mycia R\u0105k! Mamy wi\u0119c idealn\u0105 okazj\u0119, by zatrzyma\u0107 si\u0119 na chwil\u0119 i pomy\u015ble\u0107 przez kilka minut o czynno\u015bci, kt\u00f3rej nie po\u015bwi\u0119camy zbyt wiele refleksji na co dzie\u0144.<!-- AddThis Advanced Settings generic via filter on wp_trim_excerpt --><!-- AddThis Share Buttons generic via filter on wp_trim_excerpt --><\/p>\n","protected":false},"author":1,"featured_media":1772,"comment_status":"open","ping_status":"open","sticky":false,"template":"","format":"standard","meta":{"jetpack_post_was_ever_published":false,"_jetpack_newsletter_access":"","_jetpack_newsletter_tier_id":0,"footnotes":"","jetpack_publicize_message":"","jetpack_is_tweetstorm":false,"jetpack_publicize_feature_enabled":true,"jetpack_social_post_already_shared":true,"jetpack_social_options":{"image_generator_settings":{"template":"highway","enabled":false}}},"categories":[4,14],"tags":[7,199],"jetpack_publicize_connections":[],"aioseo_notices":[],"jetpack_sharing_enabled":true,"jetpack_featured_media_url":"https:\/\/i0.wp.com\/naukowka.pl\/wp-content\/uploads\/2017\/10\/dan-watson-4326.jpg?fit=4168%2C2779&ssl=1","jetpack_shortlink":"https:\/\/wp.me\/p9dSie-ss","jetpack_likes_enabled":true,"jetpack-related-posts":[{"id":153,"url":"https:\/\/naukowka.pl\/index.php\/2017\/08\/11\/niebezpieczne-obowiazki-domowe\/","url_meta":{"origin":1764,"position":0},"title":"Niebezpieczne obowi\u0105zki domowe, ca\u0142a prawda o Twojej g\u0105bce do naczy\u0144.","author":"naukowka.pl","date":"11 sierpnia 2017","format":false,"excerpt":"Bardzo lubi\u0119 przygotowywa\u0107 posi\u0142ki, wymy\u015bla\u0107 nowe dania i sp\u0119dza\u0107 czas w kuchni. Zazwyczaj robi\u0119 przy tym ogromny ba\u0142agan i produkuje ton\u0119 naczy\u0144. Kto by pomy\u015bla\u0142, \u017ce zmywaj\u0105c je, nara\u017cam si\u0119 na \u201e\u015bmiertelne\u201d niebezpiecze\u0144stwo\u2026 No dobrze, mo\u017ce troch\u0119 przesadzi\u0142am, ale to zabieg zamierzony. Przez ostatnich kilka dni na wielu portalach pojawia\u0142y\u2026","rel":"","context":"In &quot;Naukowe ciekawostki&quot;","block_context":{"text":"Naukowe ciekawostki","link":"https:\/\/naukowka.pl\/index.php\/category\/naukowe-ciekawostki\/"},"img":{"alt_text":"","src":"https:\/\/i0.wp.com\/naukowka.pl\/wp-content\/uploads\/2017\/08\/scott-umstattd-89611.jpg?fit=1200%2C800&ssl=1&resize=350%2C200","width":350,"height":200,"srcset":"https:\/\/i0.wp.com\/naukowka.pl\/wp-content\/uploads\/2017\/08\/scott-umstattd-89611.jpg?fit=1200%2C800&ssl=1&resize=350%2C200 1x, https:\/\/i0.wp.com\/naukowka.pl\/wp-content\/uploads\/2017\/08\/scott-umstattd-89611.jpg?fit=1200%2C800&ssl=1&resize=525%2C300 1.5x, https:\/\/i0.wp.com\/naukowka.pl\/wp-content\/uploads\/2017\/08\/scott-umstattd-89611.jpg?fit=1200%2C800&ssl=1&resize=700%2C400 2x, https:\/\/i0.wp.com\/naukowka.pl\/wp-content\/uploads\/2017\/08\/scott-umstattd-89611.jpg?fit=1200%2C800&ssl=1&resize=1050%2C600 3x"},"classes":[]},{"id":1691,"url":"https:\/\/naukowka.pl\/index.php\/2017\/09\/21\/swiatowa-organizacja-zdrowia-ostrzega-koncza-nam-sie-antybiotyki\/","url_meta":{"origin":1764,"position":1},"title":"\u015awiatowa Organizacja Zdrowia ostrzega &#8211; ko\u0144cz\u0105 nam si\u0119 antybiotyki!","author":"naukowka.pl","date":"21 wrze\u015bnia 2017","format":false,"excerpt":"Moj\u0105 chwilow\u0105 nieobecno\u015b\u0107 spowodowa\u0142 tygodniowy wyjazd na konferencj\u0119 oraz problemy zdrowotne zwi\u0105zane z powrotem na zimn\u0105 p\u00f3\u0142noc. Oba te wydarzenia przyczyni\u0142y si\u0119 do rozkwitu kolejnych pomys\u0142\u00f3w na wpisy. W dzisiejszym chc\u0119 przedstawi\u0107 jak ma si\u0119 sytuacj\u0105 antybiotykowa na \u015bwiecie. \u0179le si\u0119 ma, Moi Drodzy, \u017ale. W Izraelu (miejsce konferencji) s\u0142upek\u2026","rel":"","context":"In &quot;Naukowe ciekawostki&quot;","block_context":{"text":"Naukowe ciekawostki","link":"https:\/\/naukowka.pl\/index.php\/category\/naukowe-ciekawostki\/"},"img":{"alt_text":"","src":"https:\/\/i0.wp.com\/naukowka.pl\/wp-content\/uploads\/2017\/09\/freestocks-org-126848.jpg?fit=1200%2C800&ssl=1&resize=350%2C200","width":350,"height":200,"srcset":"https:\/\/i0.wp.com\/naukowka.pl\/wp-content\/uploads\/2017\/09\/freestocks-org-126848.jpg?fit=1200%2C800&ssl=1&resize=350%2C200 1x, https:\/\/i0.wp.com\/naukowka.pl\/wp-content\/uploads\/2017\/09\/freestocks-org-126848.jpg?fit=1200%2C800&ssl=1&resize=525%2C300 1.5x, https:\/\/i0.wp.com\/naukowka.pl\/wp-content\/uploads\/2017\/09\/freestocks-org-126848.jpg?fit=1200%2C800&ssl=1&resize=700%2C400 2x, https:\/\/i0.wp.com\/naukowka.pl\/wp-content\/uploads\/2017\/09\/freestocks-org-126848.jpg?fit=1200%2C800&ssl=1&resize=1050%2C600 3x"},"classes":[]},{"id":2062,"url":"https:\/\/naukowka.pl\/index.php\/2019\/02\/27\/polfinal-famelab-co-warto-przemyslec\/","url_meta":{"origin":1764,"position":2},"title":"P\u00f3\u0142fina\u0142 FameLab &#8211; co warto przemy\u015ble\u0107.","author":"naukowka.pl","date":"27 lutego 2019","format":false,"excerpt":"P\u00f3\u0142fina\u0142 FameLab ju\u017c w ten weekend! Ubolewam niezmiernie, \u017ce nie mog\u0119 przyjecha\u0107 do Warszawy pos\u0142ucha\u0107 wyst\u0105pie\u0144 tegorocznych p\u00f3\u0142finalist\u00f3w, ale mam jednak troch\u0119 za daleko :P Pami\u0119tam dok\u0142adnie, co czu\u0142am rok temu o podobnej porze. Trzymam za wszystkich uczestnik\u00f3w kciuki niezwykle mocno! Jeste\u015bcie the best! Nie b\u0119d\u0119 dzi\u015b doradza\u0107 Wam jak\u2026","rel":"","context":"In &quot;Media&quot;","block_context":{"text":"Media","link":"https:\/\/naukowka.pl\/index.php\/category\/media-2\/"},"img":{"alt_text":"naukowka na scenie","src":"https:\/\/i0.wp.com\/naukowka.pl\/wp-content\/uploads\/2019\/02\/33021480_1712300952217939_1884873292934807552_o.jpg?fit=1200%2C800&ssl=1&resize=350%2C200","width":350,"height":200,"srcset":"https:\/\/i0.wp.com\/naukowka.pl\/wp-content\/uploads\/2019\/02\/33021480_1712300952217939_1884873292934807552_o.jpg?fit=1200%2C800&ssl=1&resize=350%2C200 1x, https:\/\/i0.wp.com\/naukowka.pl\/wp-content\/uploads\/2019\/02\/33021480_1712300952217939_1884873292934807552_o.jpg?fit=1200%2C800&ssl=1&resize=525%2C300 1.5x, https:\/\/i0.wp.com\/naukowka.pl\/wp-content\/uploads\/2019\/02\/33021480_1712300952217939_1884873292934807552_o.jpg?fit=1200%2C800&ssl=1&resize=700%2C400 2x, https:\/\/i0.wp.com\/naukowka.pl\/wp-content\/uploads\/2019\/02\/33021480_1712300952217939_1884873292934807552_o.jpg?fit=1200%2C800&ssl=1&resize=1050%2C600 3x"},"classes":[]},{"id":1928,"url":"https:\/\/naukowka.pl\/index.php\/2018\/04\/13\/dlaczego-popieram-marsz-dla-nauki-i-dlaczego-ty-tez-powinienes\/","url_meta":{"origin":1764,"position":3},"title":"Dlaczego popieram Marsz dla Nauki i dlaczego Ty te\u017c powiniene\u015b?","author":"naukowka.pl","date":"13 kwietnia 2018","format":false,"excerpt":"Prawda czy fa\u0142sz? News czy fakenews? Je\u015b\u0107 gorzk\u0105 czekolad\u0119 czy nie je\u015b\u0107? Mas\u0142o czy margaryna? Szczepi\u0107 czy nie szczepi\u0107? Zdecydowa\u0107 si\u0119 na chemioterapi\u0119 czy nie? To mamy to globalne ocieplenie czy nie mamy? Niekt\u00f3re odpowiedzi s\u0105 proste, inne nie maj\u0105 dla nas tak du\u017cego znaczenia, ale od innych mo\u017ce zale\u017ce\u0107\u2026","rel":"","context":"In &quot;Fake news&quot;","block_context":{"text":"Fake news","link":"https:\/\/naukowka.pl\/index.php\/category\/fake-news\/"},"img":{"alt_text":"","src":"https:\/\/i0.wp.com\/naukowka.pl\/wp-content\/uploads\/2018\/04\/james-pond-185593-unsplash.jpg?fit=1200%2C800&ssl=1&resize=350%2C200","width":350,"height":200,"srcset":"https:\/\/i0.wp.com\/naukowka.pl\/wp-content\/uploads\/2018\/04\/james-pond-185593-unsplash.jpg?fit=1200%2C800&ssl=1&resize=350%2C200 1x, https:\/\/i0.wp.com\/naukowka.pl\/wp-content\/uploads\/2018\/04\/james-pond-185593-unsplash.jpg?fit=1200%2C800&ssl=1&resize=525%2C300 1.5x, https:\/\/i0.wp.com\/naukowka.pl\/wp-content\/uploads\/2018\/04\/james-pond-185593-unsplash.jpg?fit=1200%2C800&ssl=1&resize=700%2C400 2x, https:\/\/i0.wp.com\/naukowka.pl\/wp-content\/uploads\/2018\/04\/james-pond-185593-unsplash.jpg?fit=1200%2C800&ssl=1&resize=1050%2C600 3x"},"classes":[]},{"id":1774,"url":"https:\/\/naukowka.pl\/index.php\/2017\/10\/25\/dlaczego-psy-sa-takie-niesamowite\/","url_meta":{"origin":1764,"position":4},"title":"Dlaczego psy s\u0105 takie niesamowite?","author":"naukowka.pl","date":"25 pa\u017adziernika 2017","format":false,"excerpt":"Wolicie psy czy koty? A mo\u017ce nie potraficie si\u0119 zdecydowa\u0107? Je\u017celi posiadali\u015bcie w swoim \u017cyciu pupila, doskonale wiecie, jak silne relacje potrafi\u0105 wytworzy\u0107 si\u0119 mi\u0119dzy cz\u0142owiekiem a psem. Sama wychowywa\u0142am si\u0119 w domu, w kt\u00f3rym mieli\u015bmy psa - \u0141atka. Wiele os\u00f3b mo\u017ce si\u0119 pod\u015bmiewywa\u0107 pod nosem, bo wspominam go z\u2026","rel":"","context":"In &quot;Naukowe ciekawostki&quot;","block_context":{"text":"Naukowe ciekawostki","link":"https:\/\/naukowka.pl\/index.php\/category\/naukowe-ciekawostki\/"},"img":{"alt_text":"","src":"https:\/\/i0.wp.com\/naukowka.pl\/wp-content\/uploads\/2017\/10\/marion-michele-66097.jpg?fit=674%2C1200&ssl=1&resize=350%2C200","width":350,"height":200,"srcset":"https:\/\/i0.wp.com\/naukowka.pl\/wp-content\/uploads\/2017\/10\/marion-michele-66097.jpg?fit=674%2C1200&ssl=1&resize=350%2C200 1x, https:\/\/i0.wp.com\/naukowka.pl\/wp-content\/uploads\/2017\/10\/marion-michele-66097.jpg?fit=674%2C1200&ssl=1&resize=525%2C300 1.5x"},"classes":[]},{"id":2389,"url":"https:\/\/naukowka.pl\/index.php\/2020\/05\/24\/how-to-jak-absurdalnie-naukowe-rozwiazania-codziennych-problemow-recenzja\/","url_meta":{"origin":1764,"position":5},"title":"How To. Jak? Absurdalnie naukowe rozwi\u0105zania codziennych problem\u00f3w &#8211; recenzja","author":"naukowka.pl","date":"24 maja 2020","format":false,"excerpt":"Kolejn\u0105 ksi\u0105\u017ck\u0105, kt\u00f3r\u0105 zrecenzuj\u0119, jest \u201eHow To. Jak? Absurdalnie naukowe rozwi\u0105zania codziennych problem\u00f3w\u201d napisana przez Randalla Munroea, by\u0142ego pracownika NASA oraz rysownika. Ksi\u0105\u017cka ukaza\u0142a si\u0119 dzi\u0119ki wydawnictwu Czarna Owca. To nieco dziwne, \u017ce jako naukowczyni i pasjonatka nauki literatur\u0119 popularnonaukow\u0105 przegl\u0105dam niezwykle rzadko. Poch\u0142anianie publikacji naukowych, chyba wyczerpuje m\u00f3j limit\u2026","rel":"","context":"In &quot;Naukowe ciekawostki&quot;","block_context":{"text":"Naukowe ciekawostki","link":"https:\/\/naukowka.pl\/index.php\/category\/naukowe-ciekawostki\/"},"img":{"alt_text":"","src":"https:\/\/i0.wp.com\/naukowka.pl\/wp-content\/uploads\/2020\/05\/IMG20200521155039-scaled.jpg?fit=900%2C1200&ssl=1&resize=350%2C200","width":350,"height":200,"srcset":"https:\/\/i0.wp.com\/naukowka.pl\/wp-content\/uploads\/2020\/05\/IMG20200521155039-scaled.jpg?fit=900%2C1200&ssl=1&resize=350%2C200 1x, https:\/\/i0.wp.com\/naukowka.pl\/wp-content\/uploads\/2020\/05\/IMG20200521155039-scaled.jpg?fit=900%2C1200&ssl=1&resize=525%2C300 1.5x, https:\/\/i0.wp.com\/naukowka.pl\/wp-content\/uploads\/2020\/05\/IMG20200521155039-scaled.jpg?fit=900%2C1200&ssl=1&resize=700%2C400 2x"},"classes":[]}],"_links":{"self":[{"href":"https:\/\/naukowka.pl\/index.php\/wp-json\/wp\/v2\/posts\/1764"}],"collection":[{"href":"https:\/\/naukowka.pl\/index.php\/wp-json\/wp\/v2\/posts"}],"about":[{"href":"https:\/\/naukowka.pl\/index.php\/wp-json\/wp\/v2\/types\/post"}],"author":[{"embeddable":true,"href":"https:\/\/naukowka.pl\/index.php\/wp-json\/wp\/v2\/users\/1"}],"replies":[{"embeddable":true,"href":"https:\/\/naukowka.pl\/index.php\/wp-json\/wp\/v2\/comments?post=1764"}],"version-history":[{"count":4,"href":"https:\/\/naukowka.pl\/index.php\/wp-json\/wp\/v2\/posts\/1764\/revisions"}],"predecessor-version":[{"id":1771,"href":"https:\/\/naukowka.pl\/index.php\/wp-json\/wp\/v2\/posts\/1764\/revisions\/1771"}],"wp:featuredmedia":[{"embeddable":true,"href":"https:\/\/naukowka.pl\/index.php\/wp-json\/wp\/v2\/media\/1772"}],"wp:attachment":[{"href":"https:\/\/naukowka.pl\/index.php\/wp-json\/wp\/v2\/media?parent=1764"}],"wp:term":[{"taxonomy":"category","embeddable":true,"href":"https:\/\/naukowka.pl\/index.php\/wp-json\/wp\/v2\/categories?post=1764"},{"taxonomy":"post_tag","embeddable":true,"href":"https:\/\/naukowka.pl\/index.php\/wp-json\/wp\/v2\/tags?post=1764"}],"curies":[{"name":"wp","href":"https:\/\/api.w.org\/{rel}","templated":true}]}}