{"id":1928,"date":"2018-04-13T15:34:28","date_gmt":"2018-04-13T13:34:28","guid":{"rendered":"http:\/\/naukowka.pl\/?p=1928"},"modified":"2018-04-19T11:58:51","modified_gmt":"2018-04-19T09:58:51","slug":"dlaczego-popieram-marsz-dla-nauki-i-dlaczego-ty-tez-powinienes","status":"publish","type":"post","link":"https:\/\/naukowka.pl\/index.php\/2018\/04\/13\/dlaczego-popieram-marsz-dla-nauki-i-dlaczego-ty-tez-powinienes\/","title":{"rendered":"Dlaczego popieram Marsz dla Nauki i dlaczego Ty te\u017c powiniene\u015b?"},"content":{"rendered":"<p>Prawda czy fa\u0142sz? News czy fakenews? Je\u015b\u0107 gorzk\u0105 czekolad\u0119 czy nie je\u015b\u0107? Mas\u0142o czy margaryna? Szczepi\u0107 czy nie szczepi\u0107? Zdecydowa\u0107 si\u0119 na chemioterapi\u0119 czy nie? To mamy to globalne ocieplenie czy nie mamy? Niekt\u00f3re odpowiedzi s\u0105 proste, inne nie maj\u0105 dla nas tak du\u017cego znaczenia, ale od innych mo\u017ce zale\u017ce\u0107 ca\u0142e nasze \u017cycie. Komu zaufa\u0107 poszukuj\u0105c prawdy?<\/p>\n<p><!--more--><\/p>\n<p>Dzi\u015b troch\u0119 o tym, jak\u0105 rol\u0119 odgrywaj\u0105 w Waszym \u017cyciu naukowcy. S\u0142yszeli\u015bcie kiedy\u015b o Marszu dla Nauki? Je\u015bli nie, to dzi\u015b dla Was skr\u00f3t najwa\u017cniejszych informacji, kilka s\u0142\u00f3w o historii marszu. Powiem Wam te\u017c, dlaczego to wa\u017cna inicjatywa i co ja o tym wszystkim my\u015bl\u0119. Ju\u017c teraz formalnie do\u0142\u0105czy\u0142am do grona popieraj\u0105cych inicjatyw\u0119 Marszu dla Nauki.<\/p>\n<p><strong>Jak zawsze z zachodu<\/strong><\/p>\n<p>Inicjatywa Marszu dla Nauki przysz\u0142a do nas ze Stan\u00f3w Zjednoczonych. Ameryka\u0144scy naukowcy chcieli zaznaczy\u0107 warto\u015b\u0107 nauki w \u017cyciu cz\u0142owieka i podkre\u015bli\u0107, \u017ce politycy powinni podejmowa\u0107 decyzje na podstawie prawd naukowych.<\/p>\n<p>Zar\u00f3wno w Stanach, jak i w Polsce ruchy kultywuj\u0105ce pseudonauk\u0119 zataczaj\u0105 coraz to szersze kr\u0119gi. Niekt\u00f3rzy nauk\u0119 zwyczajnie deprecjonuj\u0105 inni wr\u0119cz wy\u015bmiewaj\u0105 jej dogmaty. Totalnie ekstremalnym przyk\u0142adem mo\u017ce by\u0107 wzrost liczby os\u00f3b, kt\u00f3re pow\u0105tpiewaj\u0105 w kulisty kszta\u0142t naszej planety\u2026<\/p>\n<p><img loading=\"lazy\" decoding=\"async\" data-attachment-id=\"1929\" data-permalink=\"https:\/\/naukowka.pl\/index.php\/2018\/04\/13\/dlaczego-popieram-marsz-dla-nauki-i-dlaczego-ty-tez-powinienes\/nasa-53884-unsplash\/\" data-orig-file=\"https:\/\/i0.wp.com\/naukowka.pl\/wp-content\/uploads\/2018\/04\/nasa-53884-unsplash.jpg?fit=4256%2C2832&amp;ssl=1\" data-orig-size=\"4256,2832\" data-comments-opened=\"1\" data-image-meta=\"{&quot;aperture&quot;:&quot;0&quot;,&quot;credit&quot;:&quot;&quot;,&quot;camera&quot;:&quot;&quot;,&quot;caption&quot;:&quot;&quot;,&quot;created_timestamp&quot;:&quot;0&quot;,&quot;copyright&quot;:&quot;&quot;,&quot;focal_length&quot;:&quot;0&quot;,&quot;iso&quot;:&quot;0&quot;,&quot;shutter_speed&quot;:&quot;0&quot;,&quot;title&quot;:&quot;&quot;,&quot;orientation&quot;:&quot;0&quot;}\" data-image-title=\"nasa-53884-unsplash\" data-image-description=\"\" data-image-caption=\"\" data-medium-file=\"https:\/\/i0.wp.com\/naukowka.pl\/wp-content\/uploads\/2018\/04\/nasa-53884-unsplash.jpg?fit=300%2C200&amp;ssl=1\" data-large-file=\"https:\/\/i0.wp.com\/naukowka.pl\/wp-content\/uploads\/2018\/04\/nasa-53884-unsplash.jpg?fit=697%2C464&amp;ssl=1\" class=\"alignnone size-large wp-image-1929\" src=\"https:\/\/i0.wp.com\/naukowka.pl\/wp-content\/uploads\/2018\/04\/nasa-53884-unsplash-1024x681.jpg?resize=697%2C464\" alt=\"\" width=\"697\" height=\"464\" srcset=\"https:\/\/i0.wp.com\/naukowka.pl\/wp-content\/uploads\/2018\/04\/nasa-53884-unsplash.jpg?resize=1024%2C681&amp;ssl=1 1024w, https:\/\/i0.wp.com\/naukowka.pl\/wp-content\/uploads\/2018\/04\/nasa-53884-unsplash.jpg?resize=300%2C200&amp;ssl=1 300w, https:\/\/i0.wp.com\/naukowka.pl\/wp-content\/uploads\/2018\/04\/nasa-53884-unsplash.jpg?resize=768%2C511&amp;ssl=1 768w, https:\/\/i0.wp.com\/naukowka.pl\/wp-content\/uploads\/2018\/04\/nasa-53884-unsplash.jpg?resize=330%2C220&amp;ssl=1 330w, https:\/\/i0.wp.com\/naukowka.pl\/wp-content\/uploads\/2018\/04\/nasa-53884-unsplash.jpg?w=1394&amp;ssl=1 1394w, https:\/\/i0.wp.com\/naukowka.pl\/wp-content\/uploads\/2018\/04\/nasa-53884-unsplash.jpg?w=2091&amp;ssl=1 2091w\" sizes=\"(max-width: 697px) 100vw, 697px\" data-recalc-dims=\"1\" \/><\/p>\n<p><strong>Opary pseudonauki<\/strong><\/p>\n<p>Niech\u0119\u0107 spo\u0142ecze\u0144stwa do nauki przenosi si\u0119 r\u00f3wnie\u017c na w\u0142adz\u0119 ustawodawcz\u0105 i media. W szybkim tempie poch\u0142ania wszystkie kontynenty i dociera do ka\u017cdego miasta czy wsi. Polska r\u00f3wnie\u017c znajduje si\u0119 w oparach pseudonauki. Co gorsze, wci\u0105\u017c pojawiaj\u0105 si\u0119 ludzie, kt\u00f3rzy jej bezmy\u015blnie dopinguj\u0105.<\/p>\n<p>W szerszym kontek\u015bcie taki stan rzeczy niesie ze sob\u0105 ogromne konsekwencje, o kt\u00f3rych mo\u017cemy sobie nie zdawa\u0107 sprawy. Nie chc\u0119 nikogo straszy\u0107, ale je\u017celi nie zatrzymamy tej fali, mo\u017ce si\u0119 zrobi\u0107 nieciekawie\u2026 Marsz dla Nauki ma by\u0107 wyrazem sprzeciwu \u015brodowiska naukowego wobec takich zakus\u00f3w.<\/p>\n<p><strong>Prawda czy prawda?<\/strong><\/p>\n<p>To zabrzmi dziwnie, ale prawdy bywaj\u0105 r\u00f3\u017cne. Nauka jest najbli\u017cej prawdy prawdziwej i ja co do tego nie mam \u017cadnych w\u0105tpliwo\u015bci. Ta cecha nauki predysponuje j\u0105 do bycia najrozs\u0105dniejszym drogowskazem w poszukiwaniu drogi do ustalania norm spo\u0142ecznych i tworzenia prawa.<\/p>\n<p>Jednak zar\u00f3wno \u201ezwyk\u0142y\u201d cz\u0142owiek, jak i polityk zdaje si\u0119 zapomina\u0107 o tym od czasu do czasu. Czyja to wina? Nie potrafi\u0119 udzieli\u0107 na to pytanie jednoznacznej odpowiedzi. Winni jeste\u015bmy wszyscy po trochu. Kiedy udost\u0119pniamy niesprawdzone tre\u015bci, powtarzamy teorie przez nauk\u0119 dawno obalone, czy zamykamy si\u0119 w naszych laboratoriach przed reszt\u0105 \u015bwiata. Tak tak, naukowcy nie s\u0105 tutaj bez winy. Mo\u017ce jest to opinia niepopularna i wielu spojrzy na mnie krzywo, ale troch\u0119 sami sobie jeste\u015bmy winni.<\/p>\n<p><img loading=\"lazy\" decoding=\"async\" data-attachment-id=\"1932\" data-permalink=\"https:\/\/naukowka.pl\/index.php\/2018\/04\/13\/dlaczego-popieram-marsz-dla-nauki-i-dlaczego-ty-tez-powinienes\/rene-bohmer-407464-unsplash\/\" data-orig-file=\"https:\/\/i0.wp.com\/naukowka.pl\/wp-content\/uploads\/2018\/04\/rene-bohmer-407464-unsplash.jpg?fit=4000%2C6000&amp;ssl=1\" data-orig-size=\"4000,6000\" data-comments-opened=\"1\" data-image-meta=\"{&quot;aperture&quot;:&quot;0&quot;,&quot;credit&quot;:&quot;&quot;,&quot;camera&quot;:&quot;&quot;,&quot;caption&quot;:&quot;&quot;,&quot;created_timestamp&quot;:&quot;0&quot;,&quot;copyright&quot;:&quot;&quot;,&quot;focal_length&quot;:&quot;0&quot;,&quot;iso&quot;:&quot;0&quot;,&quot;shutter_speed&quot;:&quot;0&quot;,&quot;title&quot;:&quot;&quot;,&quot;orientation&quot;:&quot;0&quot;}\" data-image-title=\"rene-bohmer-407464-unsplash\" data-image-description=\"\" data-image-caption=\"\" data-medium-file=\"https:\/\/i0.wp.com\/naukowka.pl\/wp-content\/uploads\/2018\/04\/rene-bohmer-407464-unsplash.jpg?fit=200%2C300&amp;ssl=1\" data-large-file=\"https:\/\/i0.wp.com\/naukowka.pl\/wp-content\/uploads\/2018\/04\/rene-bohmer-407464-unsplash.jpg?fit=683%2C1024&amp;ssl=1\" class=\"alignnone size-large wp-image-1932\" src=\"https:\/\/i0.wp.com\/naukowka.pl\/wp-content\/uploads\/2018\/04\/rene-bohmer-407464-unsplash-683x1024.jpg?resize=683%2C1024\" alt=\"\" width=\"683\" height=\"1024\" srcset=\"https:\/\/i0.wp.com\/naukowka.pl\/wp-content\/uploads\/2018\/04\/rene-bohmer-407464-unsplash.jpg?resize=683%2C1024&amp;ssl=1 683w, https:\/\/i0.wp.com\/naukowka.pl\/wp-content\/uploads\/2018\/04\/rene-bohmer-407464-unsplash.jpg?resize=200%2C300&amp;ssl=1 200w, https:\/\/i0.wp.com\/naukowka.pl\/wp-content\/uploads\/2018\/04\/rene-bohmer-407464-unsplash.jpg?resize=768%2C1152&amp;ssl=1 768w, https:\/\/i0.wp.com\/naukowka.pl\/wp-content\/uploads\/2018\/04\/rene-bohmer-407464-unsplash.jpg?w=1394&amp;ssl=1 1394w, https:\/\/i0.wp.com\/naukowka.pl\/wp-content\/uploads\/2018\/04\/rene-bohmer-407464-unsplash.jpg?w=2091&amp;ssl=1 2091w\" sizes=\"(max-width: 683px) 100vw, 683px\" data-recalc-dims=\"1\" \/><\/p>\n<p><strong>Rzeczywisto\u015b\u0107 jest jedna<\/strong><\/p>\n<p>Zaufanie jest kruche i nie oznacza, \u017ce raz przyznane za\u0142atwia spraw\u0119 na zawsze. \u015awiat naukowy chyba zapomnia\u0142, \u017ce nie jest osobn\u0105 rzeczywisto\u015bci\u0105, \u017ce musi istnie\u0107 w spo\u0142ecze\u0144stwie i w du\u017cej mierze to w\u0142a\u015bnie od spo\u0142ecze\u0144stwa zale\u017cy. Nauka nie mo\u017ce istnie\u0107 zupe\u0142nie obok. Ale to te\u017c nie jest tak, \u017ce naukowcy to jedyni winni tej sytuacji.<\/p>\n<p>Wszystko przez brak odpowiedniej edukacji, co skutkuje brakiem powa\u017cania prawd naukowych, przez brak regulacji prawnych i bezkarno\u015b\u0107 pseudonaukowc\u00f3w. Naukowcy oczywi\u015bcie ponosz\u0105 cz\u0119\u015b\u0107 winy, ale nie wolno nam zapomina\u0107, \u017ce ich praca to po\u015bwi\u0119cenie i s\u0142u\u017cba w imi\u0119 ludzko\u015bci, jak bardzo patetycznie by to nie zabrzmia\u0142o. Naukowiec mo\u017ce i zamkn\u0105\u0142 si\u0119 w laboratorium, ale nie po to, by pi\u0142owa\u0107 paznokcie, pi\u0107 kaw\u0119 czy gra\u0107 w gry. Oni tam siedz\u0105, bo rozwi\u0105zuj\u0105 przetrudne zagadki wszech\u015bwiata, projektuj\u0105 nowe terapie, zastanawiaj\u0105 si\u0119 jak polepszy\u0107 nasz komfort \u017cycia i jak dba\u0107 o nasz\u0105 planet\u0119. Mo\u017ce zapomnieli, \u017ce czasem warto \u015bwiatu troch\u0119 o tym poopowiada\u0107 i czasem ci\u0119\u017cko im wyt\u0142umaczy\u0107 czym si\u0119 tak naprawd\u0119 zajmuj\u0105, ale i tak odwalaj\u0105 kawa\u0142 ci\u0119\u017ckiej i wa\u017cnej roboty.<\/p>\n<p><strong>\u201eKto z was jest bez grzechu, niech pierwszy rzuci w ni\u0105 kamieniem\u201d<\/strong><\/p>\n<p>Jako spo\u0142ecze\u0144stwo wcale nie jeste\u015bmy lepsi. Zapominamy i cz\u0119sto nie doceniamy pracy naukowc\u00f3w, potrafimy skre\u015bli\u0107 osi\u0105gni\u0119cia, nad kt\u00f3rymi pracowali wiele lat, oskar\u017caj\u0105c ich o dzia\u0142anie w imi\u0119 pieni\u0119dzy czy innych nieodpowiednich motyw\u00f3w. O naukowcach zapomnieli r\u00f3wnie\u017c politycy, kt\u00f3rzy niezwykle rzadko podejmuj\u0105 swoje decyzje na podstawie fakt\u00f3w naukowych.<\/p>\n<p><img loading=\"lazy\" decoding=\"async\" data-attachment-id=\"1931\" data-permalink=\"https:\/\/naukowka.pl\/index.php\/2018\/04\/13\/dlaczego-popieram-marsz-dla-nauki-i-dlaczego-ty-tez-powinienes\/jon-tyson-195064-unsplash\/\" data-orig-file=\"https:\/\/i0.wp.com\/naukowka.pl\/wp-content\/uploads\/2018\/04\/jon-tyson-195064-unsplash.jpg?fit=2672%2C3711&amp;ssl=1\" data-orig-size=\"2672,3711\" data-comments-opened=\"1\" data-image-meta=\"{&quot;aperture&quot;:&quot;0&quot;,&quot;credit&quot;:&quot;&quot;,&quot;camera&quot;:&quot;&quot;,&quot;caption&quot;:&quot;&quot;,&quot;created_timestamp&quot;:&quot;0&quot;,&quot;copyright&quot;:&quot;&quot;,&quot;focal_length&quot;:&quot;0&quot;,&quot;iso&quot;:&quot;0&quot;,&quot;shutter_speed&quot;:&quot;0&quot;,&quot;title&quot;:&quot;&quot;,&quot;orientation&quot;:&quot;0&quot;}\" data-image-title=\"jon-tyson-195064-unsplash\" data-image-description=\"\" data-image-caption=\"\" data-medium-file=\"https:\/\/i0.wp.com\/naukowka.pl\/wp-content\/uploads\/2018\/04\/jon-tyson-195064-unsplash.jpg?fit=216%2C300&amp;ssl=1\" data-large-file=\"https:\/\/i0.wp.com\/naukowka.pl\/wp-content\/uploads\/2018\/04\/jon-tyson-195064-unsplash.jpg?fit=697%2C968&amp;ssl=1\" class=\"alignnone size-large wp-image-1931\" src=\"https:\/\/i0.wp.com\/naukowka.pl\/wp-content\/uploads\/2018\/04\/jon-tyson-195064-unsplash-737x1024.jpg?resize=697%2C968\" alt=\"\" width=\"697\" height=\"968\" srcset=\"https:\/\/i0.wp.com\/naukowka.pl\/wp-content\/uploads\/2018\/04\/jon-tyson-195064-unsplash.jpg?resize=737%2C1024&amp;ssl=1 737w, https:\/\/i0.wp.com\/naukowka.pl\/wp-content\/uploads\/2018\/04\/jon-tyson-195064-unsplash.jpg?resize=216%2C300&amp;ssl=1 216w, https:\/\/i0.wp.com\/naukowka.pl\/wp-content\/uploads\/2018\/04\/jon-tyson-195064-unsplash.jpg?resize=768%2C1067&amp;ssl=1 768w, https:\/\/i0.wp.com\/naukowka.pl\/wp-content\/uploads\/2018\/04\/jon-tyson-195064-unsplash.jpg?w=1394&amp;ssl=1 1394w, https:\/\/i0.wp.com\/naukowka.pl\/wp-content\/uploads\/2018\/04\/jon-tyson-195064-unsplash.jpg?w=2091&amp;ssl=1 2091w\" sizes=\"(max-width: 697px) 100vw, 697px\" data-recalc-dims=\"1\" \/><\/p>\n<p>Marsz dla Nauki to bardzo optymistyczna inicjatywa. Nie tylko pokazuje, \u017ce \u015bwiat naukowy rozumie potrzeb\u0119 swojego istnienia w debacie publicznej, ale i wyra\u017ca jego ch\u0119\u0107 do wej\u015bcia na salony. Pokazuje, \u017ce d\u0142u\u017cej milcze\u0107 nie b\u0119dzie, \u017ce ma prawo do swojego g\u0142osu oraz do miejsca w przestrzeni politycznej.<\/p>\n<p>Te dzia\u0142ania powinny inspirowa\u0107 i zach\u0119ca\u0107 do wsp\u00f3\u0142uczestnictwa w tych wydarzeniach inne grupy, nie tylko naukowe. Do wsparcia Marszu dla Nauki powinien do\u0142\u0105czy\u0107 ka\u017cdy, kto wierzy, \u017ce nauka to pot\u0119gi klucz. Bez tego wsparcia b\u0119dzie niezwykle trudno skierowa\u0107 \u015bwiat z powrotem na w\u0142a\u015bciwe tory.<\/p>\n<p><strong>Popierajcie Marsz jak mo\u017cecie!<\/strong><\/p>\n<p>W zesz\u0142ym roku polski Marsz dla Nauki by\u0142 spontaniczny, przez co nie mo\u017cna m\u00f3wi\u0107 o pe\u0142nym rozmachu tego wydarzenia. Sta\u0142a si\u0119 jednak rzecz najwa\u017cniejsza, naukowcy po\u0142\u0105czyli szyki, a ich si\u0142y sprawcze zosta\u0142y pobudzone. Na Waszym miejscu nie stawa\u0142abym im na drodze \ud83d\ude42<\/p>\n<p><img loading=\"lazy\" decoding=\"async\" data-attachment-id=\"1930\" data-permalink=\"https:\/\/naukowka.pl\/index.php\/2018\/04\/13\/dlaczego-popieram-marsz-dla-nauki-i-dlaczego-ty-tez-powinienes\/jerry-kiesewetter-234311-unsplash\/\" data-orig-file=\"https:\/\/i0.wp.com\/naukowka.pl\/wp-content\/uploads\/2018\/04\/jerry-kiesewetter-234311-unsplash.jpg?fit=4428%2C2933&amp;ssl=1\" data-orig-size=\"4428,2933\" data-comments-opened=\"1\" data-image-meta=\"{&quot;aperture&quot;:&quot;0&quot;,&quot;credit&quot;:&quot;&quot;,&quot;camera&quot;:&quot;&quot;,&quot;caption&quot;:&quot;&quot;,&quot;created_timestamp&quot;:&quot;0&quot;,&quot;copyright&quot;:&quot;&quot;,&quot;focal_length&quot;:&quot;0&quot;,&quot;iso&quot;:&quot;0&quot;,&quot;shutter_speed&quot;:&quot;0&quot;,&quot;title&quot;:&quot;&quot;,&quot;orientation&quot;:&quot;0&quot;}\" data-image-title=\"jerry-kiesewetter-234311-unsplash\" data-image-description=\"\" data-image-caption=\"\" data-medium-file=\"https:\/\/i0.wp.com\/naukowka.pl\/wp-content\/uploads\/2018\/04\/jerry-kiesewetter-234311-unsplash.jpg?fit=300%2C199&amp;ssl=1\" data-large-file=\"https:\/\/i0.wp.com\/naukowka.pl\/wp-content\/uploads\/2018\/04\/jerry-kiesewetter-234311-unsplash.jpg?fit=697%2C461&amp;ssl=1\" class=\"alignnone size-large wp-image-1930\" src=\"https:\/\/i0.wp.com\/naukowka.pl\/wp-content\/uploads\/2018\/04\/jerry-kiesewetter-234311-unsplash-1024x678.jpg?resize=697%2C461\" alt=\"\" width=\"697\" height=\"461\" srcset=\"https:\/\/i0.wp.com\/naukowka.pl\/wp-content\/uploads\/2018\/04\/jerry-kiesewetter-234311-unsplash.jpg?resize=1024%2C678&amp;ssl=1 1024w, https:\/\/i0.wp.com\/naukowka.pl\/wp-content\/uploads\/2018\/04\/jerry-kiesewetter-234311-unsplash.jpg?resize=300%2C199&amp;ssl=1 300w, https:\/\/i0.wp.com\/naukowka.pl\/wp-content\/uploads\/2018\/04\/jerry-kiesewetter-234311-unsplash.jpg?resize=768%2C509&amp;ssl=1 768w, https:\/\/i0.wp.com\/naukowka.pl\/wp-content\/uploads\/2018\/04\/jerry-kiesewetter-234311-unsplash.jpg?w=1394&amp;ssl=1 1394w, https:\/\/i0.wp.com\/naukowka.pl\/wp-content\/uploads\/2018\/04\/jerry-kiesewetter-234311-unsplash.jpg?w=2091&amp;ssl=1 2091w\" sizes=\"(max-width: 697px) 100vw, 697px\" data-recalc-dims=\"1\" \/><\/p>\n<p>Tegoroczny, polski Marsz dla Nauki odb\u0119dzie si\u0119 ju\u017c <strong>22.04<\/strong> (Dzie\u0144 Ziemi) <strong>w Warszawie<\/strong> w godzinach<strong> 13:30 &#8211; 16:00<\/strong>. \u201eWydarzenie jest bezpartyjne, organizowane przez naukowc\u00f3w, lekarzy, student\u00f3w i pronaukowych dzia\u0142aczy.\u201d Wi\u0119cej informacji na <a href=\"http:\/\/www.marszdlanauki.pl\/\" target=\"_blank\" rel=\"noopener\"><strong>stronie wydarzenia<\/strong><\/a> oraz na <a href=\"https:\/\/www.facebook.com\/Marszdlanaukipolska\/\" target=\"_blank\" rel=\"noopener\"><strong>Facebooku<\/strong><\/a>.<\/p>\n<p>Marsz dla Nauki potrzebuje Waszego wsparcia. Je\u015bli mo\u017cecie, przyjd\u017acie. Je\u015bli nie mo\u017cecie tam by\u0107 (tak jak ja \ud83d\ude41 ) zaznaczcie swoje poparcie w inny spos\u00f3b. Mo\u017cecie udost\u0119pni\u0107 wydarzenie, ten post, albo jak\u0105kolwiek inn\u0105 informacj\u0119 zwi\u0105zan\u0105 z Marszem. Mo\u017cecie o Marszu napisa\u0107, opowiedzie\u0107 innym, a nawet zrobi\u0107 sobie selfie z wyrazem poparcia z miejsca, w kt\u00f3rym si\u0119 znajdujecie (<strong><a href=\"https:\/\/www.facebook.com\/photo.php?fbid=784385018418253&amp;set=gm.207432553351810&amp;type=3&amp;theater\" target=\"_blank\" rel=\"noopener\">tak jak finali\u015bci konkursu FameLab<\/a><\/strong>).<\/p>\n<p>Koniecznie dajcie zna\u0107, je\u015bli macie jeszcze jakie\u015b pomys\u0142y!<\/p>\n<!-- AddThis Advanced Settings generic via filter on the_content --><!-- AddThis Share Buttons generic via filter on the_content -->","protected":false},"excerpt":{"rendered":"<p>Prawda czy fa\u0142sz? News czy fakenews? Je\u015b\u0107 gorzk\u0105 czekolad\u0119 czy nie je\u015b\u0107? Mas\u0142o czy margaryna? Szczepi\u0107 czy nie szczepi\u0107? Zdecydowa\u0107 si\u0119 na chemioterapi\u0119 czy nie? To mamy to globalne ocieplenie czy nie mamy? Niekt\u00f3re odpowiedzi s\u0105 proste, inne nie maj\u0105 dla nas tak du\u017cego znaczenia, ale od innych mo\u017ce zale\u017ce\u0107 ca\u0142e nasze \u017cycie. Komu zaufa\u0107 [&hellip;]<!-- AddThis Advanced Settings generic via filter on wp_trim_excerpt --><!-- AddThis Share Buttons generic via filter on wp_trim_excerpt --><\/p>\n","protected":false},"author":1,"featured_media":1933,"comment_status":"open","ping_status":"open","sticky":false,"template":"","format":"standard","meta":{"jetpack_post_was_ever_published":false,"_jetpack_newsletter_access":"","_jetpack_newsletter_tier_id":0,"footnotes":"","jetpack_publicize_message":"","jetpack_is_tweetstorm":false,"jetpack_publicize_feature_enabled":true,"jetpack_social_post_already_shared":true,"jetpack_social_options":{"image_generator_settings":{"template":"highway","enabled":false}}},"categories":[201,202,4,14],"tags":[],"jetpack_publicize_connections":[],"aioseo_notices":[],"jetpack_sharing_enabled":true,"jetpack_featured_media_url":"https:\/\/i0.wp.com\/naukowka.pl\/wp-content\/uploads\/2018\/04\/james-pond-185593-unsplash.jpg?fit=6000%2C4000&ssl=1","jetpack_shortlink":"https:\/\/wp.me\/p9dSie-v6","jetpack_likes_enabled":true,"jetpack-related-posts":[{"id":1836,"url":"https:\/\/naukowka.pl\/index.php\/2018\/01\/04\/co-ja-robie-tu-kilka-slow-o-tym-czym-sie-zajmuje\/","url_meta":{"origin":1928,"position":0},"title":"Co ja robi\u0119 tu? Kilka s\u0142\u00f3w o tym, czym si\u0119 zajmuj\u0119.","author":"naukowka.pl","date":"4 stycznia 2018","format":false,"excerpt":"Dzi\u015b mamy ju\u017c czwarty dzie\u0144 Nowego Roku! Zastanawiali\u015bcie si\u0119 kiedy\u015b, dlaczego noworoczne czyszczenie kart wp\u0142ywa na wi\u0119kszo\u015b\u0107 z nas solidnie motywuj\u0105co? Przecie\u017c tyle samo czasu up\u0142ywa pomi\u0119dzy ostatnim a pierwszym dniem Roku co mi\u0119dzy dzi\u015b a jutro. Przyczyna jednak nie ma wi\u0119kszego znaczenia, o ile taka sztuczka czasu u\u0142atwia nam\u2026","rel":"","context":"In &quot;Kobieta naukowiec&quot;","block_context":{"text":"Kobieta naukowiec","link":"https:\/\/naukowka.pl\/index.php\/category\/kobieta-naukowiec\/"},"img":{"alt_text":"","src":"https:\/\/i0.wp.com\/naukowka.pl\/wp-content\/uploads\/2018\/01\/DSC00231.jpg?fit=1200%2C900&ssl=1&resize=350%2C200","width":350,"height":200,"srcset":"https:\/\/i0.wp.com\/naukowka.pl\/wp-content\/uploads\/2018\/01\/DSC00231.jpg?fit=1200%2C900&ssl=1&resize=350%2C200 1x, https:\/\/i0.wp.com\/naukowka.pl\/wp-content\/uploads\/2018\/01\/DSC00231.jpg?fit=1200%2C900&ssl=1&resize=525%2C300 1.5x, https:\/\/i0.wp.com\/naukowka.pl\/wp-content\/uploads\/2018\/01\/DSC00231.jpg?fit=1200%2C900&ssl=1&resize=700%2C400 2x, https:\/\/i0.wp.com\/naukowka.pl\/wp-content\/uploads\/2018\/01\/DSC00231.jpg?fit=1200%2C900&ssl=1&resize=1050%2C600 3x"},"classes":[]},{"id":2062,"url":"https:\/\/naukowka.pl\/index.php\/2019\/02\/27\/polfinal-famelab-co-warto-przemyslec\/","url_meta":{"origin":1928,"position":1},"title":"P\u00f3\u0142fina\u0142 FameLab &#8211; co warto przemy\u015ble\u0107.","author":"naukowka.pl","date":"27 lutego 2019","format":false,"excerpt":"P\u00f3\u0142fina\u0142 FameLab ju\u017c w ten weekend! Ubolewam niezmiernie, \u017ce nie mog\u0119 przyjecha\u0107 do Warszawy pos\u0142ucha\u0107 wyst\u0105pie\u0144 tegorocznych p\u00f3\u0142finalist\u00f3w, ale mam jednak troch\u0119 za daleko :P Pami\u0119tam dok\u0142adnie, co czu\u0142am rok temu o podobnej porze. Trzymam za wszystkich uczestnik\u00f3w kciuki niezwykle mocno! Jeste\u015bcie the best! Nie b\u0119d\u0119 dzi\u015b doradza\u0107 Wam jak\u2026","rel":"","context":"In &quot;Media&quot;","block_context":{"text":"Media","link":"https:\/\/naukowka.pl\/index.php\/category\/media-2\/"},"img":{"alt_text":"naukowka na scenie","src":"https:\/\/i0.wp.com\/naukowka.pl\/wp-content\/uploads\/2019\/02\/33021480_1712300952217939_1884873292934807552_o.jpg?fit=1200%2C800&ssl=1&resize=350%2C200","width":350,"height":200,"srcset":"https:\/\/i0.wp.com\/naukowka.pl\/wp-content\/uploads\/2019\/02\/33021480_1712300952217939_1884873292934807552_o.jpg?fit=1200%2C800&ssl=1&resize=350%2C200 1x, https:\/\/i0.wp.com\/naukowka.pl\/wp-content\/uploads\/2019\/02\/33021480_1712300952217939_1884873292934807552_o.jpg?fit=1200%2C800&ssl=1&resize=525%2C300 1.5x, https:\/\/i0.wp.com\/naukowka.pl\/wp-content\/uploads\/2019\/02\/33021480_1712300952217939_1884873292934807552_o.jpg?fit=1200%2C800&ssl=1&resize=700%2C400 2x, https:\/\/i0.wp.com\/naukowka.pl\/wp-content\/uploads\/2019\/02\/33021480_1712300952217939_1884873292934807552_o.jpg?fit=1200%2C800&ssl=1&resize=1050%2C600 3x"},"classes":[]},{"id":1668,"url":"https:\/\/naukowka.pl\/index.php\/2017\/08\/24\/wynajme-mieszkanie-dla-studentow\/","url_meta":{"origin":1928,"position":2},"title":"Jak wynaj\u0105\u0107 odpowiednie studenckie lokum?","author":"naukowka.pl","date":"24 sierpnia 2017","format":false,"excerpt":"Chcia\u0142abym, by m\u00f3j blog by\u0142 nie tylko miejscem, w kt\u00f3rym mo\u017cecie poczyta\u0107 o wybitnych naukowcach, ciekawostkach naukowych i praktycznym wykorzystaniu nauki. R\u00f3wnie wa\u017cne jest dla mnie przestawienie codziennego \u017cycia m\u0142odego naukowca, blask\u00f3w i cieni tej profesji oraz zgromadzenie praktycznych porad dla student\u00f3w i doktorant\u00f3w. Musicie jednak pami\u0119ta\u0107 o tym, \u017ce\u2026","rel":"","context":"In &quot;Dla studenta&quot;","block_context":{"text":"Dla studenta","link":"https:\/\/naukowka.pl\/index.php\/category\/dla-studenta\/"},"img":{"alt_text":"","src":"https:\/\/i0.wp.com\/naukowka.pl\/wp-content\/uploads\/2017\/08\/naomi-hebert-188183.jpg?fit=1200%2C797&ssl=1&resize=350%2C200","width":350,"height":200,"srcset":"https:\/\/i0.wp.com\/naukowka.pl\/wp-content\/uploads\/2017\/08\/naomi-hebert-188183.jpg?fit=1200%2C797&ssl=1&resize=350%2C200 1x, https:\/\/i0.wp.com\/naukowka.pl\/wp-content\/uploads\/2017\/08\/naomi-hebert-188183.jpg?fit=1200%2C797&ssl=1&resize=525%2C300 1.5x, https:\/\/i0.wp.com\/naukowka.pl\/wp-content\/uploads\/2017\/08\/naomi-hebert-188183.jpg?fit=1200%2C797&ssl=1&resize=700%2C400 2x, https:\/\/i0.wp.com\/naukowka.pl\/wp-content\/uploads\/2017\/08\/naomi-hebert-188183.jpg?fit=1200%2C797&ssl=1&resize=1050%2C600 3x"},"classes":[]},{"id":2109,"url":"https:\/\/naukowka.pl\/index.php\/2019\/04\/23\/pseudonauka\/","url_meta":{"origin":1928,"position":3},"title":"Sk\u0105d wzi\u0119\u0142a si\u0119 moda na pseudonauk\u0119 i dlaczego jest tak niebezpieczna?","author":"naukowka.pl","date":"23 kwietnia 2019","format":false,"excerpt":"Lubi\u0119 sobie pofilozofowa\u0107, to chyba ju\u017c o mnie wiecie. Od dawna tli mi si\u0119 w g\u0142owie pomys\u0142, aby podzieli\u0107 si\u0119 z Wami moimi osobistymi przemy\u015bleniami dotycz\u0105cymi obecno\u015bci pseudonauki w Internecie. Mimo znajomo\u015bci s\u0142abych stron naukowego \u015bwiata ja wci\u0105\u017c jestem przekonana, \u017ce zaufanie jej dogmatom jest najbezpieczniejszym sposobem, na prze\u017cycie mojego\u2026","rel":"","context":"In &quot;Fake news&quot;","block_context":{"text":"Fake news","link":"https:\/\/naukowka.pl\/index.php\/category\/fake-news\/"},"img":{"alt_text":"Zielone cyfry na czarnym tle","src":"https:\/\/i0.wp.com\/naukowka.pl\/wp-content\/uploads\/2019\/04\/markus-spiske-666905-unsplash.jpg?fit=1200%2C800&ssl=1&resize=350%2C200","width":350,"height":200,"srcset":"https:\/\/i0.wp.com\/naukowka.pl\/wp-content\/uploads\/2019\/04\/markus-spiske-666905-unsplash.jpg?fit=1200%2C800&ssl=1&resize=350%2C200 1x, https:\/\/i0.wp.com\/naukowka.pl\/wp-content\/uploads\/2019\/04\/markus-spiske-666905-unsplash.jpg?fit=1200%2C800&ssl=1&resize=525%2C300 1.5x, https:\/\/i0.wp.com\/naukowka.pl\/wp-content\/uploads\/2019\/04\/markus-spiske-666905-unsplash.jpg?fit=1200%2C800&ssl=1&resize=700%2C400 2x, https:\/\/i0.wp.com\/naukowka.pl\/wp-content\/uploads\/2019\/04\/markus-spiske-666905-unsplash.jpg?fit=1200%2C800&ssl=1&resize=1050%2C600 3x"},"classes":[]},{"id":2131,"url":"https:\/\/naukowka.pl\/index.php\/2019\/05\/30\/naukowcu-popularyzuj\/","url_meta":{"origin":1928,"position":4},"title":"Naukowcu, popularyzuj! Inni mog\u0105 robi\u0107 TO \u017ale.","author":"naukowka.pl","date":"30 maja 2019","format":false,"excerpt":"W\u015br\u00f3d naszych obywateli, zar\u00f3wno os\u00f3b zaanga\u017cowanych w jakkolwiek form\u0119 \u017cycia spo\u0142ecznego, jak i przys\u0142owiowych \u201eKowalskich\u201d (tak naprawd\u0119 najpopularniejszym nazwiskiem w Polsce jest Nowak) wida\u0107 pog\u0142\u0119biaj\u0105c\u0105 si\u0119 polaryzacj\u0119 pogl\u0105d\u00f3w nie tylko politycznych, ale r\u00f3wnie\u017c tych dotycz\u0105cych bada\u0144 naukowych. Nauka staje si\u0119 tematem budz\u0105cym wiele emocji przy rodzinnym stole, w\u015br\u00f3d spotka\u0144 z\u2026","rel":"","context":"In &quot;Fake news&quot;","block_context":{"text":"Fake news","link":"https:\/\/naukowka.pl\/index.php\/category\/fake-news\/"},"img":{"alt_text":"Zamy\u015blony szkielet","src":"https:\/\/i0.wp.com\/naukowka.pl\/wp-content\/uploads\/2019\/05\/mathew-schwartz-718956-unsplash.jpg?fit=1200%2C800&ssl=1&resize=350%2C200","width":350,"height":200,"srcset":"https:\/\/i0.wp.com\/naukowka.pl\/wp-content\/uploads\/2019\/05\/mathew-schwartz-718956-unsplash.jpg?fit=1200%2C800&ssl=1&resize=350%2C200 1x, https:\/\/i0.wp.com\/naukowka.pl\/wp-content\/uploads\/2019\/05\/mathew-schwartz-718956-unsplash.jpg?fit=1200%2C800&ssl=1&resize=525%2C300 1.5x, https:\/\/i0.wp.com\/naukowka.pl\/wp-content\/uploads\/2019\/05\/mathew-schwartz-718956-unsplash.jpg?fit=1200%2C800&ssl=1&resize=700%2C400 2x, https:\/\/i0.wp.com\/naukowka.pl\/wp-content\/uploads\/2019\/05\/mathew-schwartz-718956-unsplash.jpg?fit=1200%2C800&ssl=1&resize=1050%2C600 3x"},"classes":[]},{"id":1971,"url":"https:\/\/naukowka.pl\/index.php\/2018\/08\/10\/kosmiczne-pismo-dla-dziewczynek\/","url_meta":{"origin":1928,"position":5},"title":"Kosmiczne pismo dla dziewczynek &#8211; recenzja","author":"naukowka.pl","date":"10 sierpnia 2018","format":false,"excerpt":"Jaki\u015b czas temu zainspirowana spotkaniem z osob\u0105, kt\u00f3ra zajmuje si\u0119 tworzeniem tre\u015bci do francuskoj\u0119zycznej wersji czasopisma popularnonaukowego dla dzieci (niez\u0142a mieszanka, prawda?) postanowi\u0142am przej\u015b\u0107 si\u0119 do sklepu na E i przejrze\u0107 ofert\u0119 magazyn\u00f3w dla dzieci. C\u00f3\u017c mog\u0119 powiedzie\u0107\u2026 Na p\u00f3\u0142kach nie by\u0142o zbyt wielu warto\u015bciowych pozycji. Moj\u0105 uwag\u0119 przyku\u0142o wyr\u00f3\u017cniaj\u0105ce\u2026","rel":"","context":"In &quot;Kobieta naukowiec&quot;","block_context":{"text":"Kobieta naukowiec","link":"https:\/\/naukowka.pl\/index.php\/category\/kobieta-naukowiec\/"},"img":{"alt_text":"Autorka czytaj\u0105ca kosmiczne pismo dla dziewczynek","src":"https:\/\/i0.wp.com\/naukowka.pl\/wp-content\/uploads\/2018\/08\/InShot_20180810_132605960-e1533903273627.jpg?fit=1200%2C639&ssl=1&resize=350%2C200","width":350,"height":200,"srcset":"https:\/\/i0.wp.com\/naukowka.pl\/wp-content\/uploads\/2018\/08\/InShot_20180810_132605960-e1533903273627.jpg?fit=1200%2C639&ssl=1&resize=350%2C200 1x, https:\/\/i0.wp.com\/naukowka.pl\/wp-content\/uploads\/2018\/08\/InShot_20180810_132605960-e1533903273627.jpg?fit=1200%2C639&ssl=1&resize=525%2C300 1.5x, https:\/\/i0.wp.com\/naukowka.pl\/wp-content\/uploads\/2018\/08\/InShot_20180810_132605960-e1533903273627.jpg?fit=1200%2C639&ssl=1&resize=700%2C400 2x, https:\/\/i0.wp.com\/naukowka.pl\/wp-content\/uploads\/2018\/08\/InShot_20180810_132605960-e1533903273627.jpg?fit=1200%2C639&ssl=1&resize=1050%2C600 3x"},"classes":[]}],"_links":{"self":[{"href":"https:\/\/naukowka.pl\/index.php\/wp-json\/wp\/v2\/posts\/1928"}],"collection":[{"href":"https:\/\/naukowka.pl\/index.php\/wp-json\/wp\/v2\/posts"}],"about":[{"href":"https:\/\/naukowka.pl\/index.php\/wp-json\/wp\/v2\/types\/post"}],"author":[{"embeddable":true,"href":"https:\/\/naukowka.pl\/index.php\/wp-json\/wp\/v2\/users\/1"}],"replies":[{"embeddable":true,"href":"https:\/\/naukowka.pl\/index.php\/wp-json\/wp\/v2\/comments?post=1928"}],"version-history":[{"count":3,"href":"https:\/\/naukowka.pl\/index.php\/wp-json\/wp\/v2\/posts\/1928\/revisions"}],"predecessor-version":[{"id":1939,"href":"https:\/\/naukowka.pl\/index.php\/wp-json\/wp\/v2\/posts\/1928\/revisions\/1939"}],"wp:featuredmedia":[{"embeddable":true,"href":"https:\/\/naukowka.pl\/index.php\/wp-json\/wp\/v2\/media\/1933"}],"wp:attachment":[{"href":"https:\/\/naukowka.pl\/index.php\/wp-json\/wp\/v2\/media?parent=1928"}],"wp:term":[{"taxonomy":"category","embeddable":true,"href":"https:\/\/naukowka.pl\/index.php\/wp-json\/wp\/v2\/categories?post=1928"},{"taxonomy":"post_tag","embeddable":true,"href":"https:\/\/naukowka.pl\/index.php\/wp-json\/wp\/v2\/tags?post=1928"}],"curies":[{"name":"wp","href":"https:\/\/api.w.org\/{rel}","templated":true}]}}